{"id":571,"date":"2024-10-20T15:00:34","date_gmt":"2024-10-20T13:00:34","guid":{"rendered":"https:\/\/domdziecka.lublin.pl\/?p=571"},"modified":"2024-10-20T18:47:05","modified_gmt":"2024-10-20T16:47:05","slug":"zawody-sportowe-judo","status":"publish","type":"post","link":"https:\/\/domdziecka.lublin.pl\/?p=571","title":{"rendered":"Zawody sportowe Judo"},"content":{"rendered":"\n<div class=\"wp-block-columns is-layout-flex wp-container-core-columns-is-layout-1 wp-block-columns-is-layout-flex\">\n<div class=\"wp-block-column is-layout-flow wp-block-column-is-layout-flow\" style=\"flex-basis:100%\">\n<figure class=\"wp-block-gallery has-nested-images columns-default is-cropped wp-block-gallery-1 is-layout-flex wp-block-gallery-is-layout-flex\">\n<figure class=\"wp-block-image size-large\"><img loading=\"lazy\" decoding=\"async\" width=\"1024\" height=\"632\" src=\"https:\/\/domdziecka.lublin.pl\/wp-content\/uploads\/2024\/10\/Zrzut-ekranu-2024-10-20-o-17.58.14-1024x632.png\" alt=\"\" class=\"wp-image-585\" srcset=\"https:\/\/domdziecka.lublin.pl\/wp-content\/uploads\/2024\/10\/Zrzut-ekranu-2024-10-20-o-17.58.14-1024x632.png 1024w, https:\/\/domdziecka.lublin.pl\/wp-content\/uploads\/2024\/10\/Zrzut-ekranu-2024-10-20-o-17.58.14-300x185.png 300w, https:\/\/domdziecka.lublin.pl\/wp-content\/uploads\/2024\/10\/Zrzut-ekranu-2024-10-20-o-17.58.14-768x474.png 768w, https:\/\/domdziecka.lublin.pl\/wp-content\/uploads\/2024\/10\/Zrzut-ekranu-2024-10-20-o-17.58.14-1536x948.png 1536w, https:\/\/domdziecka.lublin.pl\/wp-content\/uploads\/2024\/10\/Zrzut-ekranu-2024-10-20-o-17.58.14.png 1634w\" sizes=\"(max-width: 1024px) 100vw, 1024px\" \/><\/figure>\n\n\n\n<figure class=\"wp-block-image size-large\"><img loading=\"lazy\" decoding=\"async\" width=\"1024\" height=\"659\" src=\"https:\/\/domdziecka.lublin.pl\/wp-content\/uploads\/2024\/10\/Zrzut-ekranu-2024-10-20-o-18.00.55-1024x659.png\" alt=\"\" class=\"wp-image-583\" srcset=\"https:\/\/domdziecka.lublin.pl\/wp-content\/uploads\/2024\/10\/Zrzut-ekranu-2024-10-20-o-18.00.55-1024x659.png 1024w, https:\/\/domdziecka.lublin.pl\/wp-content\/uploads\/2024\/10\/Zrzut-ekranu-2024-10-20-o-18.00.55-300x193.png 300w, https:\/\/domdziecka.lublin.pl\/wp-content\/uploads\/2024\/10\/Zrzut-ekranu-2024-10-20-o-18.00.55-768x494.png 768w, https:\/\/domdziecka.lublin.pl\/wp-content\/uploads\/2024\/10\/Zrzut-ekranu-2024-10-20-o-18.00.55-1536x988.png 1536w, https:\/\/domdziecka.lublin.pl\/wp-content\/uploads\/2024\/10\/Zrzut-ekranu-2024-10-20-o-18.00.55.png 1682w\" sizes=\"(max-width: 1024px) 100vw, 1024px\" \/><\/figure>\n\n\n\n<figure class=\"wp-block-image size-large\"><img loading=\"lazy\" decoding=\"async\" width=\"1024\" height=\"609\" src=\"https:\/\/domdziecka.lublin.pl\/wp-content\/uploads\/2024\/10\/Zrzut-ekranu-2024-10-20-o-18.01.40-1024x609.png\" alt=\"\" class=\"wp-image-584\" srcset=\"https:\/\/domdziecka.lublin.pl\/wp-content\/uploads\/2024\/10\/Zrzut-ekranu-2024-10-20-o-18.01.40-1024x609.png 1024w, https:\/\/domdziecka.lublin.pl\/wp-content\/uploads\/2024\/10\/Zrzut-ekranu-2024-10-20-o-18.01.40-300x179.png 300w, https:\/\/domdziecka.lublin.pl\/wp-content\/uploads\/2024\/10\/Zrzut-ekranu-2024-10-20-o-18.01.40-768x457.png 768w, https:\/\/domdziecka.lublin.pl\/wp-content\/uploads\/2024\/10\/Zrzut-ekranu-2024-10-20-o-18.01.40-1536x914.png 1536w, https:\/\/domdziecka.lublin.pl\/wp-content\/uploads\/2024\/10\/Zrzut-ekranu-2024-10-20-o-18.01.40.png 1892w\" sizes=\"(max-width: 1024px) 100vw, 1024px\" \/><\/figure>\n<\/figure>\n<\/div>\n<\/div>\n\n\n\n<p>Gratulacje dla Naszych <strong>wychowank\u00f3w<\/strong>, kt\u00f3rzy uczestniczyli w zawodach Judo w Lublinie.<\/p>\n\n\n\n<p>W\u015br\u00f3d wyr\u00f3\u017cnionych zawodnik\u00f3w znale\u017ali si\u0119 Oliwia, Ala, Arek.<\/p>\n","protected":false},"excerpt":{"rendered":"<p>Gratulacje dla Naszych wychowank\u00f3w, kt\u00f3rzy uczestniczyli w zawodach Judo w Lublinie. W\u015br\u00f3d wyr\u00f3\u017cnionych zawodnik\u00f3w znale\u017ali si\u0119 Oliwia, Ala, Arek.<\/p>\n","protected":false},"author":2,"featured_media":591,"comment_status":"closed","ping_status":"closed","sticky":false,"template":"","format":"standard","meta":{"footnotes":""},"categories":[2],"tags":[],"_links":{"self":[{"href":"https:\/\/domdziecka.lublin.pl\/index.php?rest_route=\/wp\/v2\/posts\/571"}],"collection":[{"href":"https:\/\/domdziecka.lublin.pl\/index.php?rest_route=\/wp\/v2\/posts"}],"about":[{"href":"https:\/\/domdziecka.lublin.pl\/index.php?rest_route=\/wp\/v2\/types\/post"}],"author":[{"embeddable":true,"href":"https:\/\/domdziecka.lublin.pl\/index.php?rest_route=\/wp\/v2\/users\/2"}],"replies":[{"embeddable":true,"href":"https:\/\/domdziecka.lublin.pl\/index.php?rest_route=%2Fwp%2Fv2%2Fcomments&post=571"}],"version-history":[{"count":8,"href":"https:\/\/domdziecka.lublin.pl\/index.php?rest_route=\/wp\/v2\/posts\/571\/revisions"}],"predecessor-version":[{"id":593,"href":"https:\/\/domdziecka.lublin.pl\/index.php?rest_route=\/wp\/v2\/posts\/571\/revisions\/593"}],"wp:featuredmedia":[{"embeddable":true,"href":"https:\/\/domdziecka.lublin.pl\/index.php?rest_route=\/wp\/v2\/media\/591"}],"wp:attachment":[{"href":"https:\/\/domdziecka.lublin.pl\/index.php?rest_route=%2Fwp%2Fv2%2Fmedia&parent=571"}],"wp:term":[{"taxonomy":"category","embeddable":true,"href":"https:\/\/domdziecka.lublin.pl\/index.php?rest_route=%2Fwp%2Fv2%2Fcategories&post=571"},{"taxonomy":"post_tag","embeddable":true,"href":"https:\/\/domdziecka.lublin.pl\/index.php?rest_route=%2Fwp%2Fv2%2Ftags&post=571"}],"curies":[{"name":"wp","href":"https:\/\/api.w.org\/{rel}","templated":true}]}}